{"id":1877,"date":"2026-06-23T09:35:27","date_gmt":"2026-06-23T09:35:27","guid":{"rendered":"https:\/\/www.samparfums.es\/blog\/?p=1877"},"modified":"2026-06-23T09:35:28","modified_gmt":"2026-06-23T09:35:28","slug":"aloe-vera-creme-sabao-gel","status":"publish","type":"post","link":"https:\/\/www.samparfums.es\/blog\/pt\/aloe-vera\/aloe-vera-creme-sabao-gel\/","title":{"rendered":"Gel, creme ou sabonete de alo\u00e9 vera: qual escolher de acordo com o teu tipo de pele?"},"content":{"rendered":"<p class=\"wp-block-paragraph\"><strong>Tens <a href=\"https:\/\/www.samparfums.es\/blog\/wp-content\/uploads\/2021\/08\/aloe-vera-277948_1920.jpg\" data-type=\"attachment\" data-id=\"1218\" target=\"_blank\" rel=\"noreferrer noopener\">alo\u00e9 vera<\/a> Est\u00e1s em casa, mas n\u00e3o sabes se deves usar o gel, o creme ou o sabonete?<\/strong> \u00c9 uma d\u00favida muito frequente: os tr\u00eas formatos cont\u00eam as propriedades ben\u00e9ficas da planta, mas cada um foi concebido para um momento e um tipo de pele diferentes. Aqui explicamos-te as principais diferen\u00e7as e ajudamos-te a escolher aquele que melhor se adapta \u00e0 tua rotina, especialmente se usares <strong><a href=\"https:\/\/www.samparfums.es\/blog\/pt\/aloe-vera\/aloe-vera-das-ilhas-canarias-o-melhor-do-mundo\/\" data-type=\"post\" data-id=\"2779\" target=\"_blank\" rel=\"noreferrer noopener\">aloe vera das Can\u00e1rias<\/a><\/strong>, cuja elevada concentra\u00e7\u00e3o de acemanano o torna o mais eficaz do mercado.<\/p>\n\n\n\n<p class=\"wp-block-paragraph\">Ao longo deste artigo, vamos comparar <strong>os tr\u00eas formatos mais populares de alo\u00e9 vera: gel, creme e sabonete<\/strong>, para que possas decidir qual \u00e9 o teu.<\/p>\n\n\n\n<h2 class=\"wp-block-heading\">O que distingue o gel, o creme e o sabonete de alo\u00e9 vera?<\/h2>\n\n\n\n<p class=\"wp-block-paragraph\">Antes de entrarmos em pormenores sobre cada formato, vamos ver as principais diferen\u00e7as num relance:<\/p>\n\n\n\n<figure class=\"wp-block-table\"><div class=\"pcrstb-wrap\"><table class=\"has-fixed-layout\"><thead><tr><td><strong>Caracter\u00edstica<\/strong><\/td><td><strong>Gel de alo\u00e9 vera<\/strong><\/td><td><strong>Creme de alo\u00e9 vera<\/strong><\/td><td><strong>Sabonete de alo\u00e9 vera<\/strong><\/td><\/tr><\/thead><tbody><tr><td>Textura<\/td><td>Leve, aquosa<\/td><td>Rica, emoliente<\/td><td>S\u00f3lido \/ l\u00edquido<\/td><\/tr><tr><td>Concentra\u00e7\u00e3o de alo\u00e9<\/td><td>Alta (at\u00e9 99%)<\/td><td>Media (10\u201340%)<\/td><td>Vari\u00e1vel (5\u201320%)<\/td><\/tr><tr><td>Absor\u00e7\u00e3o<\/td><td>R\u00e1pida<\/td><td>Mais lenta<\/td><td>Esclarece-se<\/td><\/tr><tr><td>Sensation<\/td><td>Sem deixar res\u00edduos, refrescante<\/td><td>Nutritiva, mais densa<\/td><td>Limpa, sem deixar a pele oleosa<\/td><\/tr><tr><td>Ideal para<\/td><td>Pele oleosa, mista, jovem<\/td><td>Pele seca e madura<\/td><td>Todos os tipos de pele<\/td><\/tr><tr><td>Momento de utiliza\u00e7\u00e3o<\/td><td>T\u00f3nico, s\u00e9rum, produto p\u00f3s-sol<\/td><td>Hidratante de finaliza\u00e7\u00e3o<\/td><td>Limpeza di\u00e1ria<\/td><\/tr><tr><td>Passo de rotina<\/td><td>2.\u00ba (t\u00f3nico \/ s\u00e9rum)<\/td><td>3.\u00ba (fecho hidratante)<\/td><td>1.\u00ba (limpeza)<\/td><\/tr><\/tbody><\/table><\/div><\/figure>\n\n\n\n<figure class=\"wp-block-image size-large\"><img fetchpriority=\"high\" decoding=\"async\" width=\"1024\" height=\"682\" src=\"https:\/\/www.samparfums.es\/blog\/wp-content\/uploads\/2023\/05\/crema-aloe-vera-1024x682.jpg\" alt=\"gel creme ou sabonete de alo\u00e9 vera\" class=\"wp-image-1883\" srcset=\"https:\/\/www.samparfums.es\/blog\/wp-content\/uploads\/2023\/05\/crema-aloe-vera-1024x682.jpg 1024w, https:\/\/www.samparfums.es\/blog\/wp-content\/uploads\/2023\/05\/crema-aloe-vera-300x200.jpg 300w, https:\/\/www.samparfums.es\/blog\/wp-content\/uploads\/2023\/05\/crema-aloe-vera-768x512.jpg 768w, https:\/\/www.samparfums.es\/blog\/wp-content\/uploads\/2023\/05\/crema-aloe-vera-18x12.jpg 18w, https:\/\/www.samparfums.es\/blog\/wp-content\/uploads\/2023\/05\/crema-aloe-vera-1170x780.jpg 1170w, https:\/\/www.samparfums.es\/blog\/wp-content\/uploads\/2023\/05\/crema-aloe-vera-585x390.jpg 585w, https:\/\/www.samparfums.es\/blog\/wp-content\/uploads\/2023\/05\/crema-aloe-vera-263x175.jpg 263w, https:\/\/www.samparfums.es\/blog\/wp-content\/uploads\/2023\/05\/crema-aloe-vera.jpg 1280w\" sizes=\"(max-width: 1024px) 100vw, 1024px\" \/><\/figure>\n\n\n\n<h2 class=\"wp-block-heading\">Para que \u00e9 utilizado o creme de alo\u00e9 vera?<\/h2>\n\n\n\n<p class=\"wp-block-paragraph\">Come\u00e7aremos por falar do formato creme, uma vez que \u00e9 o mais vers\u00e1til dos tr\u00eas (embora o gel de alo\u00e9 vera puro tamb\u00e9m tenha utiliza\u00e7\u00f5es diferentes e muito interessantes).<\/p>\n\n\n\n<p class=\"wp-block-paragraph\">O creme de Alo\u00e9 vera \u00e9 um <strong>produto hidratante e reparador da pele<\/strong> que \u00e9 feito a partir do gel extra\u00eddo das folhas da planta do alo\u00e9 vera. O creme de alo\u00e9 vera \u00e9 ideal para a pele seca e madura devido \u00e0s suas propriedades hidratantes e \u00e0 sua capacidade de estimular a produ\u00e7\u00e3o de colag\u00e9nio e elastina.<\/p>\n\n\n\n<p class=\"wp-block-paragraph\">Entre as suas utiliza\u00e7\u00f5es mais comuns contam-se:<\/p>\n\n\n\n<ul class=\"wp-block-list\">\n<li><strong>Hidrata\u00e7\u00e3o intensa<\/strong>O creme de alo\u00e9 vera \u00e9 uma excelente fonte de hidrata\u00e7\u00e3o para a pele seca, penetrando profundamente na pele para proporcionar uma hidrata\u00e7\u00e3o duradoura.<\/li>\n\n\n\n<li><strong>Ac\u00e7\u00e3o anti-inflamat\u00f3ria<\/strong>O alo\u00e9 vera cont\u00e9m compostos anti-inflamat\u00f3rios naturais que reduzem a inflama\u00e7\u00e3o e a vermelhid\u00e3o da pele, o que o torna ideal para pessoas com pele sens\u00edvel ou com tend\u00eancia para a ros\u00e1cea.<\/li>\n\n\n\n<li><strong>Estimula\u00e7\u00e3o da produ\u00e7\u00e3o de colag\u00e9nio e de elastina:<\/strong> O alo\u00e9 vera cont\u00e9m nutrientes que ajudam a estimular a produ\u00e7\u00e3o de colag\u00e9nio e elastina, duas prote\u00ednas essenciais que mant\u00eam a pele firme e flex\u00edvel, raz\u00e3o pela qual a pele madura beneficia especialmente desta forma de alo\u00e9 vera.<\/li>\n<\/ul>\n\n\n\n<h3 class=\"wp-block-heading\">Creme de alo\u00e9 vera para pele seca ou madura<\/h3>\n\n\n\n<p class=\"wp-block-paragraph\">Se a tua pele tende a ficar com uma sensa\u00e7\u00e3o de repuxar, sem brilho ou com sinais de envelhecimento, o creme \u00e9 o teu melhor aliado. Aplica-o da seguinte forma: <strong>\u00faltimo passo da rotina<\/strong>, tanto de manh\u00e3 como \u00e0 noite, ap\u00f3s o gel ou o s\u00e9rum. Em peles muito secas, pode aplicar uma segunda camada \u00e0 noite, como uma m\u00e1scara sem enxaguar.<\/p>\n\n\n\n<h2 class=\"wp-block-heading\">Gel de alo\u00e9 vera: o grande aliado nos cuidados com o rosto<\/h2>\n\n\n\n<p class=\"wp-block-paragraph\">O gel de Alo\u00e9 vera \u00e9, sem d\u00favida, um dos produtos mais procurados na ind\u00fastria cosm\u00e9tica. O seu elevado valor e os seus m\u00faltiplos benef\u00edcios s\u00e3o bem conhecidos, para al\u00e9m do facto de ser um produto muito popular <a href=\"https:\/\/www.samparfums.es\/es\/hidratacion-aloe-vera\/gel-puro-de-aloe-vera-ecologico-99076.html#\/461-cantidad-250_ml\" target=\"_blank\" rel=\"noreferrer noopener\">gel de alo\u00e9 vera puro<\/a> n\u00e3o \u00e9 t\u00e3o simples como parece.<\/p>\n\n\n\n<p class=\"wp-block-paragraph\">Para teres uma ideia, o gel de alo\u00e9 vera \u00e9 obtido a partir das folhas da planta de <a href=\"https:\/\/www.samparfums.es\/blog\/pt\/aloe-vera\/como-extrair-o-aloe-vera\/\" data-type=\"post\" data-id=\"2222\" target=\"_blank\" rel=\"noreferrer noopener\">aloe vera atrav\u00e9s de um <strong>processo de extrac\u00e7\u00e3o<\/strong><\/a>. O gel \u00e9 uma subst\u00e2ncia viscosa, incolor e inodora que se encontra no interior das folhas e cont\u00e9m uma variedade de componentes ben\u00e9ficos para a pele, incluindo vitaminas, minerais, amino\u00e1cidos e polissac\u00e1ridos. Os polissac\u00e1ridos s\u00e3o especialmente importantes, pois podem ajudar a reter a humidade na pele e a reduzir a inflama\u00e7\u00e3o.<\/p>\n\n\n\n<p class=\"wp-block-paragraph\">Al\u00e9m disso, um facto engra\u00e7ado: <strong>o pH do gel de alo\u00e9 vera \u00e9 semelhante ao da pele humana.<\/strong>o que o torna suave e n\u00e3o irritante. Isto torna-o uma excelente escolha para quem tem pele sens\u00edvel ou propensa a irrita\u00e7\u00f5es. E para quem detesta a sensa\u00e7\u00e3o de oleosidade da pele oleosa, o gel \u00e9 um grande aliado, pois n\u00e3o deixa uma sensa\u00e7\u00e3o pegajosa, pelo que em climas quentes ou para quem procura algo r\u00e1pido e eficaz, \u00e9 o formato perfeito.&nbsp;<\/p>\n\n\n\n<p class=\"wp-block-paragraph\">Por conseguinte, o gel de alo\u00e9 vera puro tamb\u00e9m \u00e9 perfeito para:&nbsp;<\/p>\n\n\n\n<ul class=\"wp-block-list\">\n<li><strong>T\u00f3nico facial<\/strong>O gel de Alo\u00e9 vera \u00e9 um hidratante ligeiro que pode ser utilizado em todos os tipos de pele para proporcionar hidrata\u00e7\u00e3o sem obstruir os poros, tornando-o perfeito para uma rotina facial di\u00e1ria como t\u00f3nico para preparar a pele para o tratamento seguinte.<\/li>\n\n\n\n<li><strong>Para queimaduras solares<\/strong>O gel de alo\u00e9 vera \u00e9 conhecido pela sua capacidade de reduzir a inflama\u00e7\u00e3o e a irrita\u00e7\u00e3o da pele, o que o torna \u00fatil no tratamento de queimaduras solares, da\u00ed ser recomendado como p\u00f3s-sol se tiver estado a apanhar sol para evitar aquelas inc\u00f3modas manchas faciais.<\/li>\n\n\n\n<li><strong>Al\u00edvio da comich\u00e3o<\/strong>O gel de Alo\u00e9 vera pode ser \u00fatil para aliviar a comich\u00e3o associada a doen\u00e7as como a dermatite at\u00f3pica e a psor\u00edase.<\/li>\n\n\n\n<li><strong>Tratamento de feridas ligeiras<\/strong>O gel de alo\u00e9 vera tem propriedades antibacterianas e anti-inflamat\u00f3rias que o tornam \u00fatil no tratamento de pequenas feridas e na promo\u00e7\u00e3o da cicatriza\u00e7\u00e3o da pele, raz\u00e3o pela qual \u00e9 t\u00e3o \u00fatil para a pele com tend\u00eancia para o acne.<\/li>\n<\/ul>\n\n\n\n<h3 class=\"wp-block-heading\">Gel de alo\u00e9 vera para pele oleosa ou mista<\/h3>\n\n\n\n<p class=\"wp-block-paragraph\">Se a tua pele tem tend\u00eancia a ficar brilhante ou mista, o gel puro de alo\u00e9 vera \u00e9 o teu melhor aliado. A sua textura leve n\u00e3o obstrui os poros e <strong>regula a produ\u00e7\u00e3o de sebo sem secar a pele<\/strong>. Aplica-o depois de limpar o rosto com o sabonete, como um t\u00f3nico ou s\u00e9rum, e deixa-o ser absorvido antes de aplicar o produto seguinte. \u00c9 o \u00fanico passo de hidrata\u00e7\u00e3o de que muitas peles oleosas precisam no ver\u00e3o.<\/p>\n\n\n\n<h2 class=\"wp-block-heading\">Sabonete de alo\u00e9 vera - quais s\u00e3o os seus benef\u00edcios?<\/h2>\n\n\n\n<p class=\"wp-block-paragraph\">O sab\u00e3o de alo\u00e9 vera \u00e9 feito atrav\u00e9s da combina\u00e7\u00e3o de \u00f3leos vegetais, hidr\u00f3xido de s\u00f3dio (soda c\u00e1ustica) e \u00e1gua, \u00e0 qual se adiciona o gel ou extracto de alo\u00e9 vera. Este processo \u00e9 conhecido como <strong>saponifica\u00e7\u00e3o<\/strong> e \u00e9 produzido por uma reac\u00e7\u00e3o qu\u00edmica entre os \u00f3leos e a soda c\u00e1ustica, que converte os \u00f3leos em sab\u00e3o. Existem tamb\u00e9m formula\u00e7\u00f5es em que \u00e9 utilizada uma base de sab\u00e3o de glicerina ou de gordura animal.<\/p>\n\n\n\n<p class=\"wp-block-paragraph\">O \u00f3leo de coco, o azeite e o \u00f3leo de palma s\u00e3o alguns dos \u00f3leos normalmente utilizados na produ\u00e7\u00e3o de sab\u00e3o de alo\u00e9 vera e de sabonete de alo\u00e9 vera. <strong>podem ser combinados em diferentes propor\u00e7\u00f5es para obter diferentes texturas e caracter\u00edsticas.<\/strong>. Para al\u00e9m disso, podem ser adicionados outros ingredientes como \u00f3leos essenciais, ervas e corantes naturais para personalizar o sabonete.<\/p>\n\n\n\n<p class=\"wp-block-paragraph\">E, claro, traz benef\u00edcios como:<\/p>\n\n\n\n<ul class=\"wp-block-list\">\n<li><strong>Hidratar a pele e ajudar a manter a pele suave<\/strong>. No entanto, deve ser um sabonete feito com ingredientes de qualidade e n\u00e3o deve ser abusado, uma vez que algumas f\u00f3rmulas podem ter o efeito oposto: secar a pele.<\/li>\n\n\n\n<li>O Alo\u00e9 vera tamb\u00e9m tem <strong>propriedades antibacterianas<\/strong>Por isso, o primeiro passo no tratamento da acne \u00e9 geralmente limpar o rosto com um gel formulado com alo\u00e9 vera, uma vez que as suas propriedades antif\u00fangicas e antibacterianas s\u00e3o muito eficazes.<\/li>\n\n\n\n<li>O sabonete de alo\u00e9 vera \u00e9 <strong>suave e n\u00e3o irritante<\/strong> devido aos \u00f3leos utilizados no processo de fabrico do sab\u00e3o, o que o torna adequado para pessoas com pele sens\u00edvel.<\/li>\n<\/ul>\n\n\n\n<figure class=\"wp-block-image size-large\"><img decoding=\"async\" width=\"1024\" height=\"614\" src=\"https:\/\/www.samparfums.es\/blog\/wp-content\/uploads\/2023\/05\/gel-aloe-vera-1024x614.jpg\" alt=\"gel creme ou sabonete de alo\u00e9 vera\" class=\"wp-image-1884\" srcset=\"https:\/\/www.samparfums.es\/blog\/wp-content\/uploads\/2023\/05\/gel-aloe-vera-1024x614.jpg 1024w, https:\/\/www.samparfums.es\/blog\/wp-content\/uploads\/2023\/05\/gel-aloe-vera-300x180.jpg 300w, https:\/\/www.samparfums.es\/blog\/wp-content\/uploads\/2023\/05\/gel-aloe-vera-768x461.jpg 768w, https:\/\/www.samparfums.es\/blog\/wp-content\/uploads\/2023\/05\/gel-aloe-vera-18x12.jpg 18w, https:\/\/www.samparfums.es\/blog\/wp-content\/uploads\/2023\/05\/gel-aloe-vera-1170x702.jpg 1170w, https:\/\/www.samparfums.es\/blog\/wp-content\/uploads\/2023\/05\/gel-aloe-vera-585x351.jpg 585w, https:\/\/www.samparfums.es\/blog\/wp-content\/uploads\/2023\/05\/gel-aloe-vera.jpg 1280w\" sizes=\"(max-width: 1024px) 100vw, 1024px\" \/><\/figure>\n\n\n\n<h2 class=\"wp-block-heading\">Qual escolher de acordo com o teu tipo de pele? Guia completo<\/h2>\n\n\n\n<p class=\"wp-block-paragraph\">Na verdade, como podes ver, os benef\u00edcios que proporcionam s\u00e3o muito semelhantes. O que os diferencia \u00e9 o <strong>momento de utiliza\u00e7\u00e3o e o tipo de pele a que melhor se adapta<\/strong>. Resumimos-te tudo por tipo de pele:<\/p>\n\n\n\n<h3 class=\"wp-block-heading\">Pele oleosa ou mista: sabonete + gel<\/h3>\n\n\n\n<p class=\"wp-block-paragraph\">Limpa com o <strong>sabonete de alo\u00e9 vera<\/strong> (respeita a barreira \u00e1cida sem ressecar) e finaliza com o <strong>gel puro<\/strong> como um hidratante leve que equilibra as zonas oleosas sem sobrecarregar as mais secas. Em muitos casos, n\u00e3o precisas de mais nada.<\/p>\n\n\n\n<h3 class=\"wp-block-heading\">Pele seca ou madura: sabonete + creme<\/h3>\n\n\n\n<p class=\"wp-block-paragraph\">Depois do sabonete de alo\u00e9 vera, aplica o <strong>gel que funciona como s\u00e9rum<\/strong> para preparar a pele, e finaliza com o <strong>creme de alo\u00e9 vera<\/strong> como hidratante nutritivo. \u00c0 noite, podes aplicar o creme numa camada mais generosa para aproveitar a regenera\u00e7\u00e3o cut\u00e2nea noturna.<\/p>\n\n\n\n<h3 class=\"wp-block-heading\">Pele sens\u00edvel: creme sem perfume<\/h3>\n\n\n\n<p class=\"wp-block-paragraph\">Escolhe uma <strong>creme de alo\u00e9 vera de alta concentra\u00e7\u00e3o e sem fragr\u00e2ncia adicionada<\/strong>. O alo\u00e9 vera das Can\u00e1rias \u00e9 especialmente indicado para peles sens\u00edveis, devido \u00e0 sua pureza e \u00e0 aus\u00eancia de aditivos. Limpe com \u00e1gua micelar ou com um sabonete \u00e0 base de alo\u00e9 puro e sem sulfatos.<\/p>\n\n\n\n<h2 class=\"wp-block-heading\">A rotina facial completa com os tr\u00eas formatos<\/h2>\n\n\n\n<ul class=\"wp-block-list\">\n<li>Se quiseres tirar o m\u00e1ximo partido dos benef\u00edcios do alo\u00e9 vera, a combina\u00e7\u00e3o destes tr\u00eas formatos resulta numa das rotinas mais completas e naturais que podes seguir:<\/li>\n\n\n\n<li><strong>Primeiro passo: limpeza com sabonete de alo\u00e9 vera<\/strong>. Limpa os poros, removendo as bact\u00e9rias e os res\u00edduos de maquilhagem, e acalma as erup\u00e7\u00f5es de acne. Enxagua com \u00e1gua e seca com cuidado.<\/li>\n\n\n\n<li><strong>Segundo passo: gel de alo\u00e9 vera como t\u00f3nico ou s\u00e9rum. A<\/strong>Aplique-o sobre a pele limpa e ligeiramente h\u00famida. Massaje suavemente e deixe atuar durante 2 minutos. Ajuda a reter a hidrata\u00e7\u00e3o, a combater a secura e a tratar as manchas.<\/li>\n\n\n\n<li><strong>Terceiro passo: creme de alo\u00e9 vera como hidratante final. <\/strong>Re\u00fane todos os benef\u00edcios acima referidos e estimula a produ\u00e7\u00e3o de colag\u00e9nio e elastina, proporcionando maior firmeza e elasticidade. Perfeito para peles secas e maduras.<\/li>\n<\/ul>\n\n\n\n<h2 class=\"wp-block-heading\">Como \u00e9 que sei se o produto de alo\u00e9 vera \u00e9 de boa qualidade?<\/h2>\n\n\n\n<ul class=\"wp-block-list\">\n<li><strong>Verifica a percentagem de alo\u00e9 vera: <\/strong>Procure produtos que contenham pelo menos 10% de alo\u00e9 vera, para garantir uma concentra\u00e7\u00e3o suficiente dos seus compostos ben\u00e9ficos. Os melhores g\u00e9is puros chegam aos 99%.<\/li>\n\n\n\n<li><strong>Evite ingredientes irritantes: <\/strong>O \u00e1lcool et\u00edlico, as fragr\u00e2ncias artificiais e os conservantes agressivos podem reduzir a efic\u00e1cia do alo\u00e9 e irritar a pele. Opte por f\u00f3rmulas o mais naturais poss\u00edvel.<\/li>\n\n\n\n<li><strong>Procure um extrato puro e de alta qualidade: <\/strong>Express\u00f5es como \u00abextrato de folha de alo\u00e9 vera\u00bb, \u00abalo\u00e9 vera n\u00e3o processado\u00bb ou \u00abgrau farmac\u00eautico\u00bb s\u00e3o indicadores de qualidade no r\u00f3tulo.<\/li>\n\n\n\n<li><strong>Origem garantida: <\/strong>O alo\u00e9 vera das Can\u00e1rias destaca-se por ser cultivado num clima vulc\u00e2nico \u00fanico, que aumenta a sua concentra\u00e7\u00e3o em acemanano, o polissacar\u00eddeo respons\u00e1vel pela maior parte das suas propriedades terap\u00eauticas.<\/li>\n<\/ul>\n\n\n\n<h3 class=\"wp-block-heading\"><strong>Produtos de alo\u00e9 vera das Can\u00e1rias<\/strong><\/h3>\n\n\n\n<p class=\"wp-block-paragraph\"><strong>Na Sam Parfums, temos um<\/strong> <a href=\"https:\/\/www.samparfums.es\/es\/aloe-vera-88\" target=\"_blank\" rel=\"noreferrer noopener\">linha exclusiva de alo\u00e9 vera<\/a> gra\u00e7as ao cultivo da planta e ao acondicionamento do produto nas Ilhas Can\u00e1rias, o que nos garante qualidade e exclusividade:<\/p>\n\n\n\n<p class=\"wp-block-paragraph\">\u2726\u00a0 <a href=\"https:\/\/www.samparfums.es\/es\/crema-hidratante-aloe-vera\/gel-puro-de-aloe-vera-ecologico-99076.html\" data-type=\"link\" data-id=\"https:\/\/www.samparfums.es\/es\/crema-hidratante-aloe-vera\/gel-puro-de-aloe-vera-ecologico-99076.html\" target=\"_blank\" rel=\"noreferrer noopener\">Gel puro de alo\u00e9 vera biol\u00f3gico 99%<\/a><\/p>\n\n\n\n<p class=\"wp-block-paragraph\">\u2726\u00a0 <a href=\"https:\/\/www.samparfums.es\/es\/crema-hidratante-aloe-vera\/crema-hydro-nutritive-aloe-vera-68166.html#%2F8229-tamano-100_ml=\" data-type=\"link\" data-id=\"https:\/\/www.samparfums.es\/es\/crema-hidratante-aloe-vera\/crema-hydro-nutritive-aloe-vera-68166.html#%2F8229-tamano-100_ml=\" target=\"_blank\" rel=\"noreferrer noopener\">Creme hidratante com alo\u00e9 vera<\/a><\/p>\n\n\n\n<p class=\"wp-block-paragraph\">\u2726\u00a0 <a href=\"https:\/\/www.samparfums.es\/es\/jabon-aloe-vera\/jabon-glicerina-aloe-vera-52160.html#%2F8231-tamano-100gr=\" data-type=\"link\" data-id=\"https:\/\/www.samparfums.es\/es\/jabon-aloe-vera\/jabon-glicerina-aloe-vera-52160.html#%2F8231-tamano-100gr=\" target=\"_blank\" rel=\"noreferrer noopener\">Sabonete de alo\u00e9 vera<\/a><\/p>\n\n\n\n<p class=\"wp-block-paragraph\">Saiba muito mais em <a href=\"https:\/\/www.samparfums.es\/blog\/pt\/\" data-type=\"link\" data-id=\"https:\/\/www.samparfums.es\/\" target=\"_blank\" rel=\"noreferrer noopener\">o nosso site Sam Parfums<\/a> e descobre o produto que melhor cuida da tua pele.<\/p>\n\n\n\n<h2 class=\"wp-block-heading\">Perguntas frequentes sobre gel, creme e sabonete de alo\u00e9 vera<\/h2>\n\n\n\n<h3 class=\"wp-block-heading\"><strong>\u00c9 poss\u00edvel usar gel de alo\u00e9 vera no rosto todos os dias?<\/strong><\/h3>\n\n\n\n<p class=\"wp-block-paragraph\">Sim, o gel de alo\u00e9 vera puro \u00e9 adequado para uso di\u00e1rio. O seu pH, semelhante ao da pele, torna-o suave e n\u00e3o irritante. Podes aplic\u00e1-lo de manh\u00e3 e \u00e0 noite, ap\u00f3s limpares o rosto, como t\u00f3nico ou s\u00e9rum.<\/p>\n\n\n\n<h3 class=\"wp-block-heading\"><strong>O sabonete de alo\u00e9 vera limpa bem a pele oleosa?<\/strong><\/h3>\n\n\n\n<p class=\"wp-block-paragraph\">Sim. As suas propriedades antibacterianas e antif\u00fangicas tornam-no ideal para peles com acne e oleosas. Limpa os poros sem os agredir e ajuda a reduzir os surtos de acne. Procura f\u00f3rmulas com alo\u00e9 em alta concentra\u00e7\u00e3o e sem sulfatos agressivos.<\/p>\n\n\n\n<h3 class=\"wp-block-heading\"><strong>O creme de alo\u00e9 vera \u00e9 bom para a pele seca?<\/strong><\/h3>\n\n\n\n<p class=\"wp-block-paragraph\">\u00c9 um dos formatos mais indicados para a pele seca. O creme proporciona uma hidrata\u00e7\u00e3o mais intensa e duradoura do que o gel, estimula o colag\u00e9nio e ret\u00e9m a humidade na camada superficial da pele durante mais tempo.<\/p>\n\n\n\n<h3 class=\"wp-block-heading\"><strong>Quanto tempo dura o gel de alo\u00e9 vera depois de aberto?<\/strong><\/h3>\n\n\n\n<p class=\"wp-block-paragraph\">O gel de alo\u00e9 vera puro, sem conservantes adicionais, mant\u00e9m-se em boas condi\u00e7\u00f5es entre 6 e 12 meses ap\u00f3s a abertura, se for conservado num local fresco e seco, longe da luz direta. O gel das Can\u00e1rias da Sam Parfums apresenta a data de validade na embalagem.<\/p>\n\n\n\n<h3 class=\"wp-block-heading\"><strong>Posso usar alo\u00e9 vera no rosto se tiver ros\u00e1cea?<\/strong><\/h3>\n\n\n\n<p class=\"wp-block-paragraph\">Sim, o alo\u00e9 vera tem propriedades anti-inflamat\u00f3rias que podem aliviar a vermelhid\u00e3o causada pela ros\u00e1cea. Opte por um gel puro e sem perfume e aplique-o suavemente. Se os sintomas forem intensos, consulte um dermatologista.<\/p>\n\n\n\n<p class=\"wp-block-paragraph\"><\/p>","protected":false},"excerpt":{"rendered":"<p>Tenha em aten\u00e7\u00e3o que, nesta publica\u00e7\u00e3o, vamos comparar os tr\u00eas formatos mais populares de alo\u00e9 vera: gel, creme e sabonete, para o ajudar a determinar qual \u00e9 o melhor para as suas circunst\u00e2ncias.<\/p>","protected":false},"author":1,"featured_media":1881,"comment_status":"open","ping_status":"closed","sticky":false,"template":"","format":"standard","meta":{"_sitemap_exclude":false,"_sitemap_priority":"","_sitemap_frequency":"","_lmt_disableupdate":"","_lmt_disable":"","footnotes":""},"categories":[31],"tags":[],"class_list":["post-1877","post","type-post","status-publish","format-standard","has-post-thumbnail","hentry","category-aloe-vera"],"yoast_head":"<!-- This site is optimized with the Yoast SEO plugin v28.3 - https:\/\/yoast.com\/product\/yoast-seo-wordpress\/ -->\n<title>Gel, crema o jab\u00f3n de aloe vera: \u00bfcu\u00e1l elegir seg\u00fan tu tipo de piel? - Sam Parfums Blog<\/title>\n<meta name=\"robots\" content=\"index, follow, max-snippet:-1, max-image-preview:large, max-video-preview:-1\" \/>\n<link rel=\"canonical\" href=\"https:\/\/www.samparfums.es\/blog\/pt\/aloe-vera\/aloe-vera-creme-sabao-gel\/\" \/>\n<meta property=\"og:locale\" content=\"pt_PT\" \/>\n<meta property=\"og:type\" content=\"article\" \/>\n<meta property=\"og:title\" content=\"Gel, crema o jab\u00f3n de aloe vera: \u00bfcu\u00e1l elegir seg\u00fan tu tipo de piel? - Sam Parfums Blog\" \/>\n<meta property=\"og:description\" content=\"Presta atenci\u00f3n que en este post vamos a comparar los tres formatos de aloe vera m\u00e1s populares: el gel, la crema y el jab\u00f3n, para ayudarte a determinar cu\u00e1l es el mejor seg\u00fan circunstancias.\" \/>\n<meta property=\"og:url\" content=\"https:\/\/www.samparfums.es\/blog\/pt\/aloe-vera\/aloe-vera-creme-sabao-gel\/\" \/>\n<meta property=\"og:site_name\" content=\"Sam Parfums Blog\" \/>\n<meta property=\"article:publisher\" content=\"https:\/\/www.facebook.com\/sam.parfums\/\" \/>\n<meta property=\"article:published_time\" content=\"2026-06-23T09:35:27+00:00\" \/>\n<meta property=\"article:modified_time\" content=\"2026-06-23T09:35:28+00:00\" \/>\n<meta property=\"og:image\" content=\"https:\/\/www.samparfums.es\/blog\/wp-content\/uploads\/2023\/05\/crema-gel-jabon-aloe-vera.webp\" \/>\n\t<meta property=\"og:image:width\" content=\"1280\" \/>\n\t<meta property=\"og:image:height\" content=\"800\" \/>\n\t<meta property=\"og:image:type\" content=\"image\/webp\" \/>\n<meta name=\"author\" content=\"Sam Parfums\" \/>\n<meta name=\"twitter:card\" content=\"summary_large_image\" \/>\n<!-- \/ Yoast SEO plugin. -->","yoast_head_json":{"title":"Gel, creme ou sabonete de alo\u00e9 vera: qual escolher de acordo com o teu tipo de pele? - Blog da Sam Parfums","robots":{"index":"index","follow":"follow","max-snippet":"max-snippet:-1","max-image-preview":"max-image-preview:large","max-video-preview":"max-video-preview:-1"},"canonical":"https:\/\/www.samparfums.es\/blog\/pt\/aloe-vera\/aloe-vera-creme-sabao-gel\/","og_locale":"pt_PT","og_type":"article","og_title":"Gel, crema o jab\u00f3n de aloe vera: \u00bfcu\u00e1l elegir seg\u00fan tu tipo de piel? - Sam Parfums Blog","og_description":"Presta atenci\u00f3n que en este post vamos a comparar los tres formatos de aloe vera m\u00e1s populares: el gel, la crema y el jab\u00f3n, para ayudarte a determinar cu\u00e1l es el mejor seg\u00fan circunstancias.","og_url":"https:\/\/www.samparfums.es\/blog\/pt\/aloe-vera\/aloe-vera-creme-sabao-gel\/","og_site_name":"Sam Parfums Blog","article_publisher":"https:\/\/www.facebook.com\/sam.parfums\/","article_published_time":"2026-06-23T09:35:27+00:00","article_modified_time":"2026-06-23T09:35:28+00:00","og_image":[{"width":1280,"height":800,"url":"https:\/\/www.samparfums.es\/blog\/wp-content\/uploads\/2023\/05\/crema-gel-jabon-aloe-vera.webp","type":"image\/webp"}],"author":"Sam Parfums","twitter_card":"summary_large_image","schema":{"@context":"https:\/\/schema.org","@graph":[{"@type":"Article","@id":"https:\/\/www.samparfums.es\/blog\/aloe-vera\/gel-crema-o-jabon-de-aloe-vera\/#article","isPartOf":{"@id":"https:\/\/www.samparfums.es\/blog\/aloe-vera\/gel-crema-o-jabon-de-aloe-vera\/"},"author":{"name":"Sam Parfums","@id":"https:\/\/www.samparfums.es\/blog\/#\/schema\/person\/70d63b8c9dfe19b3774710d24e2dff43"},"headline":"Gel, crema o jab\u00f3n de aloe vera: \u00bfcu\u00e1l elegir seg\u00fan tu tipo de piel?","datePublished":"2026-06-23T09:35:27+00:00","dateModified":"2026-06-23T09:35:28+00:00","mainEntityOfPage":{"@id":"https:\/\/www.samparfums.es\/blog\/aloe-vera\/gel-crema-o-jabon-de-aloe-vera\/"},"wordCount":2236,"commentCount":4,"publisher":{"@id":"https:\/\/www.samparfums.es\/blog\/#organization"},"image":{"@id":"https:\/\/www.samparfums.es\/blog\/aloe-vera\/gel-crema-o-jabon-de-aloe-vera\/#primaryimage"},"thumbnailUrl":"https:\/\/www.samparfums.es\/blog\/wp-content\/uploads\/2023\/05\/crema-gel-jabon-aloe-vera.webp","articleSection":["Aloe vera"],"inLanguage":"pt-PT","potentialAction":[{"@type":"CommentAction","name":"Comment","target":["https:\/\/www.samparfums.es\/blog\/aloe-vera\/gel-crema-o-jabon-de-aloe-vera\/#respond"]}]},{"@type":"WebPage","@id":"https:\/\/www.samparfums.es\/blog\/aloe-vera\/gel-crema-o-jabon-de-aloe-vera\/","url":"https:\/\/www.samparfums.es\/blog\/aloe-vera\/gel-crema-o-jabon-de-aloe-vera\/","name":"Gel, creme ou sabonete de alo\u00e9 vera: qual escolher de acordo com o teu tipo de pele? - Blog da Sam Parfums","isPartOf":{"@id":"https:\/\/www.samparfums.es\/blog\/#website"},"primaryImageOfPage":{"@id":"https:\/\/www.samparfums.es\/blog\/aloe-vera\/gel-crema-o-jabon-de-aloe-vera\/#primaryimage"},"image":{"@id":"https:\/\/www.samparfums.es\/blog\/aloe-vera\/gel-crema-o-jabon-de-aloe-vera\/#primaryimage"},"thumbnailUrl":"https:\/\/www.samparfums.es\/blog\/wp-content\/uploads\/2023\/05\/crema-gel-jabon-aloe-vera.webp","datePublished":"2026-06-23T09:35:27+00:00","dateModified":"2026-06-23T09:35:28+00:00","breadcrumb":{"@id":"https:\/\/www.samparfums.es\/blog\/aloe-vera\/gel-crema-o-jabon-de-aloe-vera\/#breadcrumb"},"inLanguage":"pt-PT","potentialAction":[{"@type":"ReadAction","target":["https:\/\/www.samparfums.es\/blog\/aloe-vera\/gel-crema-o-jabon-de-aloe-vera\/"]}]},{"@type":"ImageObject","inLanguage":"pt-PT","@id":"https:\/\/www.samparfums.es\/blog\/aloe-vera\/gel-crema-o-jabon-de-aloe-vera\/#primaryimage","url":"https:\/\/www.samparfums.es\/blog\/wp-content\/uploads\/2023\/05\/crema-gel-jabon-aloe-vera.webp","contentUrl":"https:\/\/www.samparfums.es\/blog\/wp-content\/uploads\/2023\/05\/crema-gel-jabon-aloe-vera.webp","width":1280,"height":800,"caption":"crema gel o jabon aloe vera"},{"@type":"BreadcrumbList","@id":"https:\/\/www.samparfums.es\/blog\/aloe-vera\/gel-crema-o-jabon-de-aloe-vera\/#breadcrumb","itemListElement":[{"@type":"ListItem","position":1,"name":"Portada","item":"https:\/\/www.samparfums.es\/blog\/"},{"@type":"ListItem","position":2,"name":"Gel, crema o jab\u00f3n de aloe vera: \u00bfcu\u00e1l elegir seg\u00fan tu tipo de piel?"}]},{"@type":"WebSite","@id":"https:\/\/www.samparfums.es\/blog\/#website","url":"https:\/\/www.samparfums.es\/blog\/","name":"Blog Sam Parfums","description":"Blog Sam Parfums, conselhos de sa\u00fade, moda e cosm\u00e9tica.","publisher":{"@id":"https:\/\/www.samparfums.es\/blog\/#organization"},"alternateName":"Blog de Sam Parfums, tu tienda de regalos y complementos","potentialAction":[{"@type":"SearchAction","target":{"@type":"EntryPoint","urlTemplate":"https:\/\/www.samparfums.es\/blog\/?s={search_term_string}"},"query-input":{"@type":"PropertyValueSpecification","valueRequired":true,"valueName":"search_term_string"}}],"inLanguage":"pt-PT"},{"@type":"Organization","@id":"https:\/\/www.samparfums.es\/blog\/#organization","name":"Sam Parfums","alternateName":"El blog de San Parfums, tu tienda de perfumes y complementos","url":"https:\/\/www.samparfums.es\/blog\/","logo":{"@type":"ImageObject","inLanguage":"pt-PT","@id":"https:\/\/www.samparfums.es\/blog\/#\/schema\/logo\/image\/","url":"https:\/\/www.samparfums.es\/blog\/wp-content\/uploads\/2021\/07\/cropped-sam-parfums-logo-768x768-1.webp","contentUrl":"https:\/\/www.samparfums.es\/blog\/wp-content\/uploads\/2021\/07\/cropped-sam-parfums-logo-768x768-1.webp","width":512,"height":512,"caption":"Sam Parfums"},"image":{"@id":"https:\/\/www.samparfums.es\/blog\/#\/schema\/logo\/image\/"},"sameAs":["https:\/\/www.facebook.com\/sam.parfums\/","https:\/\/www.instagram.com\/samparfums","https:\/\/www.youtube.com\/channel\/UC1AUjvDT2Uyr91cl99AVlSg\/featured"]},{"@type":"Person","@id":"https:\/\/www.samparfums.es\/blog\/#\/schema\/person\/70d63b8c9dfe19b3774710d24e2dff43","name":"Sam Parfums","image":{"@type":"ImageObject","inLanguage":"pt-PT","@id":"https:\/\/www.samparfums.es\/blog\/wp-content\/litespeed\/avatar\/c90fce8c4fbb08ff9dc625c2d837fa66.jpg?ver=1788040880","url":"https:\/\/www.samparfums.es\/blog\/wp-content\/litespeed\/avatar\/c90fce8c4fbb08ff9dc625c2d837fa66.jpg?ver=1788040880","contentUrl":"https:\/\/www.samparfums.es\/blog\/wp-content\/litespeed\/avatar\/c90fce8c4fbb08ff9dc625c2d837fa66.jpg?ver=1788040880","caption":"Sam Parfums"},"sameAs":["https:\/\/samparfums.es\/"]}]}},"_links":{"self":[{"href":"https:\/\/www.samparfums.es\/blog\/pt\/wp-json\/wp\/v2\/posts\/1877","targetHints":{"allow":["GET"]}}],"collection":[{"href":"https:\/\/www.samparfums.es\/blog\/pt\/wp-json\/wp\/v2\/posts"}],"about":[{"href":"https:\/\/www.samparfums.es\/blog\/pt\/wp-json\/wp\/v2\/types\/post"}],"author":[{"embeddable":true,"href":"https:\/\/www.samparfums.es\/blog\/pt\/wp-json\/wp\/v2\/users\/1"}],"replies":[{"embeddable":true,"href":"https:\/\/www.samparfums.es\/blog\/pt\/wp-json\/wp\/v2\/comments?post=1877"}],"version-history":[{"count":3,"href":"https:\/\/www.samparfums.es\/blog\/pt\/wp-json\/wp\/v2\/posts\/1877\/revisions"}],"predecessor-version":[{"id":2809,"href":"https:\/\/www.samparfums.es\/blog\/pt\/wp-json\/wp\/v2\/posts\/1877\/revisions\/2809"}],"wp:featuredmedia":[{"embeddable":true,"href":"https:\/\/www.samparfums.es\/blog\/pt\/wp-json\/wp\/v2\/media\/1881"}],"wp:attachment":[{"href":"https:\/\/www.samparfums.es\/blog\/pt\/wp-json\/wp\/v2\/media?parent=1877"}],"wp:term":[{"taxonomy":"category","embeddable":true,"href":"https:\/\/www.samparfums.es\/blog\/pt\/wp-json\/wp\/v2\/categories?post=1877"},{"taxonomy":"post_tag","embeddable":true,"href":"https:\/\/www.samparfums.es\/blog\/pt\/wp-json\/wp\/v2\/tags?post=1877"}],"curies":[{"name":"wp","href":"https:\/\/api.w.org\/{rel}","templated":true}]}}