{"id":2561,"date":"2025-12-11T12:11:27","date_gmt":"2025-12-11T12:11:27","guid":{"rendered":"https:\/\/www.samparfums.es\/blog\/?p=2561"},"modified":"2026-01-14T09:30:30","modified_gmt":"2026-01-14T09:30:30","slug":"conseils-pour-le-port-du-harnais","status":"publish","type":"post","link":"https:\/\/www.samparfums.es\/blog\/fr\/mode-et-accessoires\/conseils-pour-le-port-du-harnais\/","title":{"rendered":"Cinq fa\u00e7ons simples de porter un foulard qui transformeront compl\u00e8tement votre style"},"content":{"rendered":"<p class=\"wp-block-paragraph\">L'\u00e9charpe est le <a href=\"https:\/\/www.samparfums.es\/es\/complementos-67\">accessoire de mode<\/a> plus polyvalents et plus rentables, capables de transformer instantan\u00e9ment une <em>regardez<\/em> de base. <strong>Cet article d\u00e9voile 5 techniques de coiffage essentielles <\/strong>(du poignet, en ceinture, aux cheveux ou au sac \u00e0 main) pour maximiser leur utilisation. Nous expliquons \u00e9tape par \u00e9tape comment les appliquer pour ajouter une touche de couleur, d'\u00e9l\u00e9gance ou de tendance \u00e0 votre garde-robe. Id\u00e9al pour celles qui recherchent la polyvalence, des conseils de mode pratiques et qui veulent rehausser leur style personnel.<\/p>\n\n\n\n<h2 class=\"wp-block-heading\"><strong>Pourquoi le harnais est un <\/strong><strong><em>incontournable<\/em><\/strong><strong>?<\/strong><\/h2>\n\n\n\n<p class=\"wp-block-paragraph\">Un foulard, qu'il soit en soie, en coton ou en mousseline de soie, est bien plus qu'un morceau de tissu imprim\u00e9. C'est un canevas qui vous permet d'exp\u00e9rimenter, d'exprimer votre personnalit\u00e9. <strong>style personnel<\/strong> et, surtout, de multiplier les options de votre garde-robe sans acheter de nouveaux v\u00eatements.<\/p>\n\n\n\n<p class=\"wp-block-paragraph\">Sa popularit\u00e9 n'est pas le fruit du hasard. Les grandes marques et les experts de la mode le consid\u00e8rent comme un \u00e9l\u00e9ment essentiel car :<\/p>\n\n\n\n<ol class=\"wp-block-list\">\n<li><strong>Il ajoute de la couleur et de la texture :<\/strong> dans un <em>tenue<\/em> neutre, une \u00e9charpe aux couleurs vives ou aux motifs audacieux attire tous les regards.<\/li>\n\n\n\n<li><strong>Elle est intemporelle :<\/strong> les <strong>Comment porter une \u00e9charpe ?<\/strong> \u00e9voluer, mais l'accessoire ne se d\u00e9mode jamais.<\/li>\n\n\n\n<li><strong>Polyvalence (cooccurrence) :<\/strong> peut compl\u00e9ter un costume de bureau aussi facilement qu'un costume de bureau. <em>regardez<\/em> d\u00e9contract\u00e9 avec <em>jeans<\/em>.<\/li>\n<\/ol>\n\n\n\n<p class=\"wp-block-paragraph\">Comme un <a href=\"https:\/\/www.samparfums.es\/blog\/fr\/conseils-beaute\/comment-utiliser-lia-dans-sa-routine-beaute\/\">routine de beaut\u00e9<\/a> un harnais bien choisi met votre peau en valeur, un harnais bien plac\u00e9 au bon endroit soul\u00e8ve votre peau et vous permet de vous sentir mieux. <em>regardez<\/em> de \u00abfonctionnel\u00bb \u00e0 \u00abexceptionnel\u00bb.<\/p>\n\n\n\n<h2 class=\"wp-block-heading\"><strong>Le guide essentiel : 5 fa\u00e7ons pratiques de porter un foulard et d'avoir l'air diff\u00e9rent<\/strong><\/h2>\n\n\n\n<p class=\"wp-block-paragraph\">Nous vous d\u00e9voilons ici les techniques les plus efficaces pour int\u00e9grer un foulard dans votre vie quotidienne. Toutes ces <strong>id\u00e9es pour combiner un foulard<\/strong> sont adapt\u00e9s aux d\u00e9butants et ne n\u00e9cessitent que quelques secondes.<\/p>\n\n\n\n<h3 class=\"wp-block-heading\">1) En guise d'ornement de cou : le classique qui ne se trompe jamais.<\/h3>\n\n\n\n<figure class=\"wp-block-image size-full\"><img fetchpriority=\"high\" decoding=\"async\" width=\"552\" height=\"626\" src=\"https:\/\/www.samparfums.es\/blog\/wp-content\/uploads\/2025\/12\/como-llevar-un-fular.webp\" alt=\"comment porter un harnais\" class=\"wp-image-2566\" srcset=\"https:\/\/www.samparfums.es\/blog\/wp-content\/uploads\/2025\/12\/como-llevar-un-fular.webp 552w, https:\/\/www.samparfums.es\/blog\/wp-content\/uploads\/2025\/12\/como-llevar-un-fular-265x300.webp 265w, https:\/\/www.samparfums.es\/blog\/wp-content\/uploads\/2025\/12\/como-llevar-un-fular-11x12.webp 11w\" sizes=\"(max-width: 552px) 100vw, 552px\" \/><\/figure>\n\n\n\n<p class=\"wp-block-paragraph\">L'utilisation la plus traditionnelle du foulard est aussi la plus \u00e9l\u00e9gante. Cette technique transforme instantan\u00e9ment un simple t-shirt \u00e0 col ras du cou ou un pull basique.<\/p>\n\n\n\n<ul class=\"wp-block-list\">\n<li><strong>Style n\u0153ud fran\u00e7ais (h\u00f4tesse) :<\/strong> id\u00e9al pour les \u00e9charpes de petite ou moyenne taille. Pliez-le en une fine bande et attachez-le autour du cou, en laissant les extr\u00e9mit\u00e9s sur le devant ou sur le c\u00f4t\u00e9. Il ajoute une touche tr\u00e8s parisienne et sophistiqu\u00e9e.<\/li>\n\n\n\n<li><strong>Style cow-boy (<\/strong><strong><em>cow-boy<\/em><\/strong><strong>):<\/strong> parfait pour les \u00e9charpes de taille moyenne \u00e0 grande. Pliez-la en diagonale (en forme de triangle) et placez la pointe vers le bas, sur la poitrine. Nouez les extr\u00e9mit\u00e9s derri\u00e8re la nuque. Cette option convient parfaitement aux vestes en cuir ou aux T-shirts. <em>vintage<\/em>.<\/li>\n<\/ul>\n\n\n\n<h3 class=\"wp-block-heading\">2) Remplacement de la ceinture chic : d\u00e9finissez votre silhouette<\/h3>\n\n\n\n<p class=\"wp-block-paragraph\">Si vous cherchez <strong>des accessoires qui transforment votre look<\/strong> Pour que les v\u00eatements soient \u00e0 la mode, il est essentiel d'utiliser le foulard comme une ceinture. C'est une fa\u00e7on amusante et color\u00e9e de relier les v\u00eatements entre eux et de leur donner de la personnalit\u00e9.<\/p>\n\n\n\n<p class=\"wp-block-paragraph\"><strong>Des \u00e9tapes simples :<\/strong><\/p>\n\n\n\n<ol class=\"wp-block-list\">\n<li>Choisissez une \u00e9charpe longue et solide (la soie \u00e9paisse est id\u00e9ale).<\/li>\n\n\n\n<li>Passez-la dans les passants de ceinture de votre jean, <em>short<\/em> ou une jupe sur une base r\u00e9guli\u00e8re.<\/li>\n\n\n\n<li>Veillez \u00e0 ce que le n\u0153ud soit double et bien serr\u00e9 afin qu'il ne se d\u00e9fasse pas. Laissez les extr\u00e9mit\u00e9s pendre de mani\u00e8re asym\u00e9trique pour un look plus d\u00e9contract\u00e9.<\/li>\n<\/ol>\n\n\n\n<p class=\"wp-block-paragraph\"><strong>Conseil de style :<\/strong> utilisez cette technique avec des robes-chemises ou des combinaisons pour leur donner une allure totalement renouvel\u00e9e et plus structur\u00e9e.<\/p>\n\n\n\n<h3 class=\"wp-block-heading\"><strong>3. Coiffure : de la queue de cheval au turban, une tendance en hausse<\/strong><\/h3>\n\n\n\n<figure class=\"wp-block-image size-full\"><img decoding=\"async\" width=\"703\" height=\"739\" src=\"https:\/\/www.samparfums.es\/blog\/wp-content\/uploads\/2026\/01\/como-llevar-fular-de-coletero.webp\" alt=\"comment porter une \u00e9charpe de portage\" class=\"wp-image-2606\" srcset=\"https:\/\/www.samparfums.es\/blog\/wp-content\/uploads\/2026\/01\/como-llevar-fular-de-coletero.webp 703w, https:\/\/www.samparfums.es\/blog\/wp-content\/uploads\/2026\/01\/como-llevar-fular-de-coletero-285x300.webp 285w, https:\/\/www.samparfums.es\/blog\/wp-content\/uploads\/2026\/01\/como-llevar-fular-de-coletero-11x12.webp 11w, https:\/\/www.samparfums.es\/blog\/wp-content\/uploads\/2026\/01\/como-llevar-fular-de-coletero-585x615.webp 585w\" sizes=\"(max-width: 703px) 100vw, 703px\" \/><\/figure>\n\n\n\n<p class=\"wp-block-paragraph\">Les cheveux sont un \u00e9l\u00e9ment central de la beaut\u00e9, et l'\u00e9charpe peut transformer une simple coiffure en un v\u00e9ritable ph\u00e9nom\u00e8ne de mode.<\/p>\n\n\n\n<ul class=\"wp-block-list\">\n<li><strong>En queue de cheval ou en chignon :<\/strong> Pliez l'\u00e9charpe en une fine bande. Nouez-la autour de la base de la queue de cheval ou du chignon et laissez les extr\u00e9mit\u00e9s libres. Cela donne du mouvement et de la couleur.<\/li>\n\n\n\n<li><strong>Comme bandeau ou bandana :<\/strong> pliez-le pour cr\u00e9er une large bande. Drapez-la sur votre t\u00eate, en couvrant une partie de votre front ou juste derri\u00e8re la racine de vos cheveux, et faites un n\u0153ud sur votre nuque ou sur le sommet de votre t\u00eate. Parfait pour les jours o\u00f9 vous n'avez pas le temps de vous coiffer.<\/li>\n<\/ul>\n\n\n\n<h3 class=\"wp-block-heading\"><strong>4. Personnaliser son sac : la touche de couleur inattendue<\/strong><\/h3>\n\n\n\n<figure class=\"wp-block-image size-full\"><img decoding=\"async\" width=\"709\" height=\"747\" src=\"https:\/\/www.samparfums.es\/blog\/wp-content\/uploads\/2026\/01\/como-llevar-fular-atado-al-bolso.webp\" alt=\"comment porter une \u00e9charpe attach\u00e9e au sac\" class=\"wp-image-2607\" srcset=\"https:\/\/www.samparfums.es\/blog\/wp-content\/uploads\/2026\/01\/como-llevar-fular-atado-al-bolso.webp 709w, https:\/\/www.samparfums.es\/blog\/wp-content\/uploads\/2026\/01\/como-llevar-fular-atado-al-bolso-285x300.webp 285w, https:\/\/www.samparfums.es\/blog\/wp-content\/uploads\/2026\/01\/como-llevar-fular-atado-al-bolso-11x12.webp 11w, https:\/\/www.samparfums.es\/blog\/wp-content\/uploads\/2026\/01\/como-llevar-fular-atado-al-bolso-585x616.webp 585w\" sizes=\"(max-width: 709px) 100vw, 709px\" \/><\/figure>\n\n\n\n<p class=\"wp-block-paragraph\">Pour les amateurs de sacs qui recherchent un moyen rapide de renouveler leur sac sans avoir \u00e0 en acheter un nouveau, cette technique est infaillible. Personnaliser son sac \u00e0 l'aide d'un mouchoir est l'une des meilleures fa\u00e7ons de le faire. <strong>les tendances en mati\u00e8re de foulards et d'\u00e9charpes<\/strong> les plus populaires.<\/p>\n\n\n\n<ul class=\"wp-block-list\">\n<li><strong>Sur la poign\u00e9e :<\/strong> Enroulez l'\u00e9charpe le long d'une des poign\u00e9es ou attachez simplement une boucle \u00e0 la base de la poign\u00e9e. Cette m\u00e9thode fonctionne tr\u00e8s bien avec les sacs \u00e0 main ou les <em>fourre-tout<\/em> dans des couleurs solides et neutres.<\/li>\n\n\n\n<li><strong>Comme un porte-cl\u00e9s g\u00e9ant :<\/strong> attacher le foulard directement \u00e0 un anneau m\u00e9tallique ou \u00e0 une sangle de sac, en laissant le tissu pendre et ajouter de la texture \u00e0 la tenue.<\/li>\n<\/ul>\n\n\n\n<h3 class=\"wp-block-heading\"><strong>5. Bracelet ou bangle : la sophistication au poignet<\/strong><\/h3>\n\n\n\n<figure class=\"wp-block-image size-full\"><img loading=\"lazy\" decoding=\"async\" width=\"768\" height=\"677\" src=\"https:\/\/www.samparfums.es\/blog\/wp-content\/uploads\/2026\/01\/como-llevar-fular-de-pulsera.webp\" alt=\"comment porter un bracelet-\u00e9charpe\" class=\"wp-image-2608\" srcset=\"https:\/\/www.samparfums.es\/blog\/wp-content\/uploads\/2026\/01\/como-llevar-fular-de-pulsera.webp 768w, https:\/\/www.samparfums.es\/blog\/wp-content\/uploads\/2026\/01\/como-llevar-fular-de-pulsera-300x264.webp 300w, https:\/\/www.samparfums.es\/blog\/wp-content\/uploads\/2026\/01\/como-llevar-fular-de-pulsera-14x12.webp 14w, https:\/\/www.samparfums.es\/blog\/wp-content\/uploads\/2026\/01\/como-llevar-fular-de-pulsera-585x516.webp 585w\" sizes=\"(max-width: 768px) 100vw, 768px\" \/><figcaption class=\"wp-element-caption\">image<\/figcaption><\/figure>\n\n\n\n<p class=\"wp-block-paragraph\">La technique la plus discr\u00e8te, mais incroyablement chic. C'est un moyen simple d'apporter une touche de couleur et de l\u00e9g\u00e8ret\u00e9, surtout en \u00e9t\u00e9. Cette option se marie parfaitement avec <strong>Bijoux Pandora ou Tous<\/strong> plus subtile.<\/p>\n\n\n\n<ol class=\"wp-block-list\">\n<li>La plier pour obtenir une bande tr\u00e8s fine (moins de 2 cm).<\/li>\n\n\n\n<li>Enroulez-le autour du poignet une ou deux fois.<\/li>\n\n\n\n<li>Faites un n\u0153ud simple et laissez les extr\u00e9mit\u00e9s d\u00e9passer l\u00e9g\u00e8rement.<\/li>\n<\/ol>\n\n\n\n<h2 class=\"wp-block-heading\"><strong>Tendances et tissus : quel foulard vous convient le mieux ?<\/strong><\/h2>\n\n\n\n<p class=\"wp-block-paragraph\">Le choix de la mati\u00e8re et de l'imprim\u00e9 est d\u00e9terminant pour le r\u00e9sultat final de votre tenue.<\/p>\n\n\n\n<ul class=\"wp-block-list\">\n<li><strong>Soie :<\/strong> est le tissu le plus luxueux et se pr\u00eate le mieux aux n\u0153uds \u00e9l\u00e9gants et compacts. La soie l\u00e9g\u00e8re est id\u00e9ale pour les cheveux et le cou.<\/li>\n\n\n\n<li><strong>Coton ou lin :<\/strong> parfait pour <em>regarde<\/em> d\u00e9contract\u00e9s et estivaux. Ils sont g\u00e9n\u00e9ralement plus larges et conviennent mieux comme turbans ou comme substituts de ceinture.<\/li>\n\n\n\n<li><strong>Couleurs imprim\u00e9es ou couleurs unies :<\/strong> un foulard imprim\u00e9 (g\u00e9om\u00e9trique, floral, etc.), <em>imprim\u00e9 animal<\/em>) est id\u00e9al pour \u00e9lever un <em>tenue<\/em> les couleurs unies. Si votre tenue est d\u00e9j\u00e0 \u00e0 motifs, optez pour un foulard uni reprenant l'une des couleurs de votre v\u00eatement pour un \u00e9quilibre parfait.<\/li>\n<\/ul>\n\n\n\n<h2 class=\"wp-block-heading\">Comment laver un foulard en soie sans l'ab\u00eemer ?<\/h2>\n\n\n\n<p class=\"wp-block-paragraph\">La soie est d\u00e9licate. Lavez-la \u00e0 la main \u00e0 l'eau froide avec un d\u00e9tergent doux sp\u00e9cialement con\u00e7u pour ce type de tissu. \u00c9vitez de frotter vigoureusement le tissu et ne l'essorez jamais ; au lieu de cela, pressez-le d\u00e9licatement pour \u00e9liminer l'exc\u00e8s d'eau et laissez-le s\u00e9cher \u00e0 plat, \u00e0 l'abri de la lumi\u00e8re directe du soleil.<\/p>\n\n\n\n<h2 class=\"wp-block-heading\">Quelle taille de harnais dois-je utiliser comme ceinture ?<\/h2>\n\n\n\n<p class=\"wp-block-paragraph\">Pour une utilisation en ceinture ou en turban, il faut une grande \u00e9charpe ou \u00abmaxi\u00bb \u00e9charpe, g\u00e9n\u00e9ralement de 90\u00d790 cm ou, de pr\u00e9f\u00e9rence, un long format rectangulaire (type \u00e9charpe ou \u00e9tole). <em>foulard<\/em>). Pour le poignet ou la poign\u00e9e du sac, une \u00e9charpe plus petite, 50\u00d750 cm, est suffisante.<\/p>\n\n\n\n<h2 class=\"wp-block-heading\">Est-il possible de porter un foulard avec des bijoux voyants ?<\/h2>\n\n\n\n<p class=\"wp-block-paragraph\">Oui, mais avec mod\u00e9ration. Si le foulard est l'accessoire principal (par exemple, un turban ou un grand col nou\u00e9), optez pour <a href=\"https:\/\/www.samparfums.es\/es\/joyeria-74\">des bijoux plus discrets<\/a> (petites boucles d'oreilles, bagues minimalistes). Si vous portez l'\u00e9charpe de mani\u00e8re subtile (au poignet ou dans un sac \u00e0 main), vous pouvez la compl\u00e9ter par un <strong>bijoux sp\u00e9ciaux de <\/strong><a href=\"https:\/\/www.samparfums.es\/blog\/fr\/mode-et-accessoires\/pandora-o-tous-qui-choisit\/\">Pandora ou Tous<\/a> plus accrocheurs sur le cou ou les oreilles. L'objectif est que les accessoires rivalisent entre eux pour attirer l'attention.<\/p>\n\n\n\n<p class=\"wp-block-paragraph\">Vous venez de voir comment un simple harnais peut multiplier les possibilit\u00e9s de votre <em>tenue<\/em> Il s'agit d'une pi\u00e8ce essentielle pour donner une touche de couleur, de tendance ou d'\u00e9l\u00e9gance \u00e0 vos basiques, sans avoir \u00e0 investir beaucoup d'argent. C'est la pi\u00e8ce ma\u00eetresse qui permet d'insuffler un style personnel \u00e0 vos basiques, \u00e0 l'instar d'une robe de chambre ou d'une robe de soir\u00e9e. <strong>parfum exclusif<\/strong> compl\u00e8te votre essence.<\/p>\n\n\n\n<p class=\"wp-block-paragraph\">Si vous \u00eates \u00e0 la recherche de l'accessoire parfait pour assortir votre nouvelle <a href=\"https:\/\/www.samparfums.es\/es\/fragancias-65\"><strong>parfum de luxe<\/strong><\/a> ou un bijou particulier, en <strong>Sam Parfums<\/strong> nous vous offrons non seulement <a href=\"https:\/\/www.samparfums.es\/es\/\">le meilleur choix en parfumerie et cosm\u00e9tique<\/a>, mais aussi des compl\u00e9ments et des <strong>SETS CADEAUX<\/strong> id\u00e9al pour faire briller votre style de la t\u00eate aux pieds. <strong>D\u00e9couvrez toute notre collection et trouvez le foulard id\u00e9al pour transformer votre look d\u00e8s aujourd'hui !<\/strong><\/p>","protected":false},"excerpt":{"rendered":"<p>Envie de transformer votre look sans trop d\u00e9penser ? D\u00e9couvrez 5 fa\u00e7ons pratiques et faciles de porter un foulard en ceinture, dans les cheveux ou sur le sac \u00e0 main.<\/p>","protected":false},"author":1,"featured_media":2610,"comment_status":"open","ping_status":"closed","sticky":false,"template":"","format":"standard","meta":{"_sitemap_exclude":false,"_sitemap_priority":"","_sitemap_frequency":"","_lmt_disableupdate":"","_lmt_disable":"","footnotes":""},"categories":[29],"tags":[],"class_list":["post-2561","post","type-post","status-publish","format-standard","has-post-thumbnail","hentry","category-moda-y-complementos"],"yoast_head":"<!-- This site is optimized with the Yoast SEO plugin v28.3 - https:\/\/yoast.com\/product\/yoast-seo-wordpress\/ -->\n<title>Cinco formas sencillas de llevar un fular que transformar\u00e1n por completo tu estilo - Sam Parfums Blog<\/title>\n<meta name=\"robots\" content=\"index, follow, max-snippet:-1, max-image-preview:large, max-video-preview:-1\" \/>\n<link rel=\"canonical\" href=\"https:\/\/www.samparfums.es\/blog\/fr\/mode-et-accessoires\/conseils-pour-le-port-du-harnais\/\" \/>\n<meta property=\"og:locale\" content=\"fr_FR\" \/>\n<meta property=\"og:type\" content=\"article\" \/>\n<meta property=\"og:title\" content=\"Cinco formas sencillas de llevar un fular que transformar\u00e1n por completo tu estilo - Sam Parfums Blog\" \/>\n<meta property=\"og:description\" content=\"\u00bfQuieres transformar tu look sin gastar mucho? Descubre 5 maneras pr\u00e1cticas y sencillas de c\u00f3mo usar un fular como cintur\u00f3n, en el cabello o en el bolso.\" \/>\n<meta property=\"og:url\" content=\"https:\/\/www.samparfums.es\/blog\/fr\/mode-et-accessoires\/conseils-pour-le-port-du-harnais\/\" \/>\n<meta property=\"og:site_name\" content=\"Sam Parfums Blog\" \/>\n<meta property=\"article:publisher\" content=\"https:\/\/www.facebook.com\/sam.parfums\/\" \/>\n<meta property=\"article:published_time\" content=\"2025-12-11T12:11:27+00:00\" \/>\n<meta property=\"article:modified_time\" content=\"2026-01-14T09:30:30+00:00\" \/>\n<meta property=\"og:image\" content=\"https:\/\/www.samparfums.es\/blog\/wp-content\/uploads\/2026\/01\/trucos-para-llevar-un-fular.webp\" \/>\n\t<meta property=\"og:image:width\" content=\"756\" \/>\n\t<meta property=\"og:image:height\" content=\"606\" \/>\n\t<meta property=\"og:image:type\" content=\"image\/webp\" \/>\n<meta name=\"author\" content=\"Sam Parfums\" \/>\n<meta name=\"twitter:card\" content=\"summary_large_image\" \/>\n<!-- \/ Yoast SEO plugin. -->","yoast_head_json":{"title":"Cinq fa\u00e7ons simples de porter un foulard qui transformeront compl\u00e8tement votre style - Blog Sam Parfums","robots":{"index":"index","follow":"follow","max-snippet":"max-snippet:-1","max-image-preview":"max-image-preview:large","max-video-preview":"max-video-preview:-1"},"canonical":"https:\/\/www.samparfums.es\/blog\/fr\/mode-et-accessoires\/conseils-pour-le-port-du-harnais\/","og_locale":"fr_FR","og_type":"article","og_title":"Cinco formas sencillas de llevar un fular que transformar\u00e1n por completo tu estilo - Sam Parfums Blog","og_description":"\u00bfQuieres transformar tu look sin gastar mucho? Descubre 5 maneras pr\u00e1cticas y sencillas de c\u00f3mo usar un fular como cintur\u00f3n, en el cabello o en el bolso.","og_url":"https:\/\/www.samparfums.es\/blog\/fr\/mode-et-accessoires\/conseils-pour-le-port-du-harnais\/","og_site_name":"Sam Parfums Blog","article_publisher":"https:\/\/www.facebook.com\/sam.parfums\/","article_published_time":"2025-12-11T12:11:27+00:00","article_modified_time":"2026-01-14T09:30:30+00:00","og_image":[{"width":756,"height":606,"url":"https:\/\/www.samparfums.es\/blog\/wp-content\/uploads\/2026\/01\/trucos-para-llevar-un-fular.webp","type":"image\/webp"}],"author":"Sam Parfums","twitter_card":"summary_large_image","schema":{"@context":"https:\/\/schema.org","@graph":[{"@type":"Article","@id":"https:\/\/www.samparfums.es\/blog\/moda-y-complementos\/trucos-para-llevar-un-fular\/#article","isPartOf":{"@id":"https:\/\/www.samparfums.es\/blog\/moda-y-complementos\/trucos-para-llevar-un-fular\/"},"author":{"name":"Sam Parfums","@id":"https:\/\/www.samparfums.es\/blog\/#\/schema\/person\/70d63b8c9dfe19b3774710d24e2dff43"},"headline":"Cinco formas sencillas de llevar un fular que transformar\u00e1n por completo tu estilo","datePublished":"2025-12-11T12:11:27+00:00","dateModified":"2026-01-14T09:30:30+00:00","mainEntityOfPage":{"@id":"https:\/\/www.samparfums.es\/blog\/moda-y-complementos\/trucos-para-llevar-un-fular\/"},"wordCount":1364,"commentCount":0,"publisher":{"@id":"https:\/\/www.samparfums.es\/blog\/#organization"},"image":{"@id":"https:\/\/www.samparfums.es\/blog\/moda-y-complementos\/trucos-para-llevar-un-fular\/#primaryimage"},"thumbnailUrl":"https:\/\/www.samparfums.es\/blog\/wp-content\/uploads\/2026\/01\/trucos-para-llevar-un-fular.webp","articleSection":["Moda y complementos"],"inLanguage":"fr-FR","potentialAction":[{"@type":"CommentAction","name":"Comment","target":["https:\/\/www.samparfums.es\/blog\/moda-y-complementos\/trucos-para-llevar-un-fular\/#respond"]}]},{"@type":"WebPage","@id":"https:\/\/www.samparfums.es\/blog\/moda-y-complementos\/trucos-para-llevar-un-fular\/","url":"https:\/\/www.samparfums.es\/blog\/moda-y-complementos\/trucos-para-llevar-un-fular\/","name":"Cinq fa\u00e7ons simples de porter un foulard qui transformeront compl\u00e8tement votre style - Blog Sam Parfums","isPartOf":{"@id":"https:\/\/www.samparfums.es\/blog\/#website"},"primaryImageOfPage":{"@id":"https:\/\/www.samparfums.es\/blog\/moda-y-complementos\/trucos-para-llevar-un-fular\/#primaryimage"},"image":{"@id":"https:\/\/www.samparfums.es\/blog\/moda-y-complementos\/trucos-para-llevar-un-fular\/#primaryimage"},"thumbnailUrl":"https:\/\/www.samparfums.es\/blog\/wp-content\/uploads\/2026\/01\/trucos-para-llevar-un-fular.webp","datePublished":"2025-12-11T12:11:27+00:00","dateModified":"2026-01-14T09:30:30+00:00","breadcrumb":{"@id":"https:\/\/www.samparfums.es\/blog\/moda-y-complementos\/trucos-para-llevar-un-fular\/#breadcrumb"},"inLanguage":"fr-FR","potentialAction":[{"@type":"ReadAction","target":["https:\/\/www.samparfums.es\/blog\/moda-y-complementos\/trucos-para-llevar-un-fular\/"]}]},{"@type":"ImageObject","inLanguage":"fr-FR","@id":"https:\/\/www.samparfums.es\/blog\/moda-y-complementos\/trucos-para-llevar-un-fular\/#primaryimage","url":"https:\/\/www.samparfums.es\/blog\/wp-content\/uploads\/2026\/01\/trucos-para-llevar-un-fular.webp","contentUrl":"https:\/\/www.samparfums.es\/blog\/wp-content\/uploads\/2026\/01\/trucos-para-llevar-un-fular.webp","width":756,"height":606,"caption":"trucos para llevar un fular"},{"@type":"BreadcrumbList","@id":"https:\/\/www.samparfums.es\/blog\/moda-y-complementos\/trucos-para-llevar-un-fular\/#breadcrumb","itemListElement":[{"@type":"ListItem","position":1,"name":"Portada","item":"https:\/\/www.samparfums.es\/blog\/"},{"@type":"ListItem","position":2,"name":"Cinco formas sencillas de llevar un fular que transformar\u00e1n por completo tu estilo"}]},{"@type":"WebSite","@id":"https:\/\/www.samparfums.es\/blog\/#website","url":"https:\/\/www.samparfums.es\/blog\/","name":"Blog de Sam Parfums","description":"Blog de Sam Parfums, conseils sant\u00e9, mode et cosm\u00e9tiques.","publisher":{"@id":"https:\/\/www.samparfums.es\/blog\/#organization"},"alternateName":"Blog de Sam Parfums, tu tienda de regalos y complementos","potentialAction":[{"@type":"SearchAction","target":{"@type":"EntryPoint","urlTemplate":"https:\/\/www.samparfums.es\/blog\/?s={search_term_string}"},"query-input":{"@type":"PropertyValueSpecification","valueRequired":true,"valueName":"search_term_string"}}],"inLanguage":"fr-FR"},{"@type":"Organization","@id":"https:\/\/www.samparfums.es\/blog\/#organization","name":"Sam Parfums","alternateName":"El blog de San Parfums, tu tienda de perfumes y complementos","url":"https:\/\/www.samparfums.es\/blog\/","logo":{"@type":"ImageObject","inLanguage":"fr-FR","@id":"https:\/\/www.samparfums.es\/blog\/#\/schema\/logo\/image\/","url":"https:\/\/www.samparfums.es\/blog\/wp-content\/uploads\/2021\/07\/cropped-sam-parfums-logo-768x768-1.webp","contentUrl":"https:\/\/www.samparfums.es\/blog\/wp-content\/uploads\/2021\/07\/cropped-sam-parfums-logo-768x768-1.webp","width":512,"height":512,"caption":"Sam Parfums"},"image":{"@id":"https:\/\/www.samparfums.es\/blog\/#\/schema\/logo\/image\/"},"sameAs":["https:\/\/www.facebook.com\/sam.parfums\/","https:\/\/www.instagram.com\/samparfums","https:\/\/www.youtube.com\/channel\/UC1AUjvDT2Uyr91cl99AVlSg\/featured"]},{"@type":"Person","@id":"https:\/\/www.samparfums.es\/blog\/#\/schema\/person\/70d63b8c9dfe19b3774710d24e2dff43","name":"Sam Parfums","image":{"@type":"ImageObject","inLanguage":"fr-FR","@id":"https:\/\/www.samparfums.es\/blog\/wp-content\/litespeed\/avatar\/c90fce8c4fbb08ff9dc625c2d837fa66.jpg?ver=1788040880","url":"https:\/\/www.samparfums.es\/blog\/wp-content\/litespeed\/avatar\/c90fce8c4fbb08ff9dc625c2d837fa66.jpg?ver=1788040880","contentUrl":"https:\/\/www.samparfums.es\/blog\/wp-content\/litespeed\/avatar\/c90fce8c4fbb08ff9dc625c2d837fa66.jpg?ver=1788040880","caption":"Sam Parfums"},"sameAs":["https:\/\/samparfums.es\/"]}]}},"_links":{"self":[{"href":"https:\/\/www.samparfums.es\/blog\/fr\/wp-json\/wp\/v2\/posts\/2561","targetHints":{"allow":["GET"]}}],"collection":[{"href":"https:\/\/www.samparfums.es\/blog\/fr\/wp-json\/wp\/v2\/posts"}],"about":[{"href":"https:\/\/www.samparfums.es\/blog\/fr\/wp-json\/wp\/v2\/types\/post"}],"author":[{"embeddable":true,"href":"https:\/\/www.samparfums.es\/blog\/fr\/wp-json\/wp\/v2\/users\/1"}],"replies":[{"embeddable":true,"href":"https:\/\/www.samparfums.es\/blog\/fr\/wp-json\/wp\/v2\/comments?post=2561"}],"version-history":[{"count":0,"href":"https:\/\/www.samparfums.es\/blog\/fr\/wp-json\/wp\/v2\/posts\/2561\/revisions"}],"wp:featuredmedia":[{"embeddable":true,"href":"https:\/\/www.samparfums.es\/blog\/fr\/wp-json\/wp\/v2\/media\/2610"}],"wp:attachment":[{"href":"https:\/\/www.samparfums.es\/blog\/fr\/wp-json\/wp\/v2\/media?parent=2561"}],"wp:term":[{"taxonomy":"category","embeddable":true,"href":"https:\/\/www.samparfums.es\/blog\/fr\/wp-json\/wp\/v2\/categories?post=2561"},{"taxonomy":"post_tag","embeddable":true,"href":"https:\/\/www.samparfums.es\/blog\/fr\/wp-json\/wp\/v2\/tags?post=2561"}],"curies":[{"name":"wp","href":"https:\/\/api.w.org\/{rel}","templated":true}]}}